{"id":607,"date":"2017-01-16T08:53:54","date_gmt":"2017-01-16T08:53:54","guid":{"rendered":"http:\/\/efirecom.ctfc.cat\/?p=607"},"modified":"2017-01-16T09:01:30","modified_gmt":"2017-01-16T09:01:30","slug":"efirecom-workshop-incendis-forestals-i-percepcio-social-la-comunicacion-com-a-eina-de-gestio-del-risc","status":"publish","type":"post","link":"https:\/\/efirecom.ctfc.cat\/?p=607","title":{"rendered":"eFIRECOM workshop: \u201cIncendis forestals i percepci\u00f3 social; la comunicaci\u00f3n com a eina de gesti\u00f3 del risc\u201d"},"content":{"rendered":"<p><strong><a href=\"http:\/\/efirecom.ctfc.cat\/wp-content\/uploads\/2017\/01\/Manresa_risc-incendi_151216_160253.pdf\">Agenda<\/a><\/strong><\/p>\n<p><strong>Presentations:<\/strong><\/p>\n<p><strong>(coming son)<\/strong><\/p>\n<p><strong>\u00a0<\/strong><\/p>\n<p><strong>Pictures:<\/strong><\/p>\n<p>[ngg_images gallery_ids=&#8221;2&#8243; display_type=&#8221;photocrati-nextgen_basic_slideshow&#8221; ]<\/p>\n<p><strong>\u00a0<\/strong><\/p>\n<p><strong>Event dissemination: <\/strong><\/p>\n<p><strong><a href=\"http:\/\/blog.ctfc.cat\/language\/ca\/jornada-sobre-comunicacio-i-cultura-del-risc-dincendis-forestals-el-15-de-desembre-a-manresa\/\">http:\/\/blog.ctfc.cat\/language\/ca\/jornada-sobre-comunicacio-i-cultura-del-risc-dincendis-forestals-el-15-de-desembre-a-manresa\/<\/a> <\/strong><\/p>\n","protected":false},"excerpt":{"rendered":"<p>Agenda Presentations: (coming son) \u00a0 Pictures: [ngg_images gallery_ids=&#8221;2&#8243; display_type=&#8221;photocrati-nextgen_basic_slideshow&#8221; ] \u00a0 Event dissemination: http:\/\/blog.ctfc.cat\/language\/ca\/jornada-sobre-comunicacio-i-cultura-del-risc-dincendis-forestals-el-15-de-desembre-a-manresa\/<\/p>\n","protected":false},"author":1,"featured_media":0,"comment_status":"open","ping_status":"open","sticky":false,"template":"","format":"standard","meta":{"om_disable_all_campaigns":false,"_monsterinsights_skip_tracking":false,"_monsterinsights_sitenote_active":false,"_monsterinsights_sitenote_note":"","_monsterinsights_sitenote_category":0,"footnotes":""},"categories":[1],"tags":[],"class_list":["post-607","post","type-post","status-publish","format-standard","hentry","category-events"],"aioseo_notices":[],"_links":{"self":[{"href":"https:\/\/efirecom.ctfc.cat\/index.php?rest_route=\/wp\/v2\/posts\/607","targetHints":{"allow":["GET"]}}],"collection":[{"href":"https:\/\/efirecom.ctfc.cat\/index.php?rest_route=\/wp\/v2\/posts"}],"about":[{"href":"https:\/\/efirecom.ctfc.cat\/index.php?rest_route=\/wp\/v2\/types\/post"}],"author":[{"embeddable":true,"href":"https:\/\/efirecom.ctfc.cat\/index.php?rest_route=\/wp\/v2\/users\/1"}],"replies":[{"embeddable":true,"href":"https:\/\/efirecom.ctfc.cat\/index.php?rest_route=%2Fwp%2Fv2%2Fcomments&post=607"}],"version-history":[{"count":3,"href":"https:\/\/efirecom.ctfc.cat\/index.php?rest_route=\/wp\/v2\/posts\/607\/revisions"}],"predecessor-version":[{"id":613,"href":"https:\/\/efirecom.ctfc.cat\/index.php?rest_route=\/wp\/v2\/posts\/607\/revisions\/613"}],"wp:attachment":[{"href":"https:\/\/efirecom.ctfc.cat\/index.php?rest_route=%2Fwp%2Fv2%2Fmedia&parent=607"}],"wp:term":[{"taxonomy":"category","embeddable":true,"href":"https:\/\/efirecom.ctfc.cat\/index.php?rest_route=%2Fwp%2Fv2%2Fcategories&post=607"},{"taxonomy":"post_tag","embeddable":true,"href":"https:\/\/efirecom.ctfc.cat\/index.php?rest_route=%2Fwp%2Fv2%2Ftags&post=607"}],"curies":[{"name":"wp","href":"https:\/\/api.w.org\/{rel}","templated":true}]}}